{"id":111,"date":"2006-10-16T19:36:39","date_gmt":"2006-10-16T17:36:39","guid":{"rendered":"http:\/\/www.chris-kurbjuhn.de\/?p=111"},"modified":"2006-10-16T19:36:39","modified_gmt":"2006-10-16T17:36:39","slug":"john","status":"publish","type":"post","link":"https:\/\/www.chris-kurbjuhn.de\/john\/","title":{"rendered":"John"},"content":{"rendered":"<p><img decoding=\"async\" src=\"https:\/\/www.chris-kurbjuhn.de\/Bilder\/Imagine.jpg\" alt=\"John - Imagine\" \/><\/p>\n<p>Am 8. Dezember 1980 sa\u00df ich nachmittags in meiner ersten Berliner Wohnung in der Skalitzer Stra\u00dfe 32 am Schreibtisch. Sch\u00f6ne Wohnung. Hellblau gestrichene W\u00e4nde, Ikea-Regale, Rattanbett. Bastmatten auf den Dielen. Und alle paar Minuten donnerte die Linie 1 durch meine beiden Zimmer, denn die Wohnung lag Vorderhaus erster Stock.<br \/>\nDas Telefon klingelte, mein lieber Bruder Thomas, der leider auch schon lange nicht mehr lebt, war dran. &#8222;Ich hab&#8217;s gerade im Radio geh\u00f6rt, jemand hat John Lennon erschossen.&#8220;<br \/>\nDas konnte nicht sein. Thomas mu\u00dfte sich verh\u00f6rt haben. Irgendjemand anders ist erschossen worden, aber doch niemand von den Beatles. Nicht John. Auf keinen Fall John. Ruhig bleiben. Ganz ruhig nachdenken. Welcher Musiker hat einen Namen, der so klingt wie John Lennon? War da nicht dieser Typ von Fleetwood Mac, der so \u00e4hnlich hie\u00df? Bestimmt war es der Kerl von Fleetwood Mac &#8230;<br \/>\nEs gab damals noch kein Internet und keine durchsendenden Nachrichtensender. Ich mu\u00dfte bis zur vollen Stunde warten, bis mir die SFB-Nachrichten die letzte Hoffnung raubten. Ich w\u00fcrde tats\u00e4chlich f\u00fcr den Rest meines Lebens ohne John Lennon auskommen m\u00fcssen.<br \/>\nIch hatte meine Hand schon am Plattenregal, wollte irgendeine Beatles-Platte auflegen, oder &#8222;Imagine&#8220; oder meinetwegen sogar die uns\u00e4gliche &#8222;Live Peace in Toronto&#8220;, aber ich lie\u00df es dann sein. Es w\u00fcrde in Zukunft sehr still sein ohne John Lennon und seine Songs. Besser, ich fing an, mich daran zu gew\u00f6hnen.<br \/>\nUnd so hockte ich ein paar Stunden auf der Bastmatte zwischen meinen blauen W\u00e4nden. Sa\u00df einfach nur da, und lernte, wie riesenhaft die Stille sein kann, wenn etwas zu Ende geht. Die Linie 1, die alle paar Minuten durch meine beiden Zimmer fuhr, machte kein Ger\u00e4usch.<\/p>\n","protected":false},"excerpt":{"rendered":"<p>Am 8. Dezember 1980 sa\u00df ich nachmittags in meiner ersten Berliner Wohnung in der Skalitzer Stra\u00dfe 32 am Schreibtisch. Sch\u00f6ne Wohnung. Hellblau gestrichene W\u00e4nde, Ikea-Regale, Rattanbett. Bastmatten auf den Dielen. Und alle paar Minuten donnerte die Linie 1 durch meine &hellip; <a href=\"https:\/\/www.chris-kurbjuhn.de\/john\/\">Weiterlesen <span class=\"meta-nav\">&rarr;<\/span><\/a><\/p>\n","protected":false},"author":2,"featured_media":0,"comment_status":"open","ping_status":"open","sticky":false,"template":"","format":"standard","meta":{"_crdt_document":"","_jetpack_memberships_contains_paid_content":false,"footnotes":""},"categories":[10],"tags":[],"class_list":["post-111","post","type-post","status-publish","format-standard","hentry","category-um-die-fuffzich"],"jetpack_featured_media_url":"","jetpack_sharing_enabled":true,"_links":{"self":[{"href":"https:\/\/www.chris-kurbjuhn.de\/wp-json\/wp\/v2\/posts\/111","targetHints":{"allow":["GET"]}}],"collection":[{"href":"https:\/\/www.chris-kurbjuhn.de\/wp-json\/wp\/v2\/posts"}],"about":[{"href":"https:\/\/www.chris-kurbjuhn.de\/wp-json\/wp\/v2\/types\/post"}],"author":[{"embeddable":true,"href":"https:\/\/www.chris-kurbjuhn.de\/wp-json\/wp\/v2\/users\/2"}],"replies":[{"embeddable":true,"href":"https:\/\/www.chris-kurbjuhn.de\/wp-json\/wp\/v2\/comments?post=111"}],"version-history":[{"count":0,"href":"https:\/\/www.chris-kurbjuhn.de\/wp-json\/wp\/v2\/posts\/111\/revisions"}],"wp:attachment":[{"href":"https:\/\/www.chris-kurbjuhn.de\/wp-json\/wp\/v2\/media?parent=111"}],"wp:term":[{"taxonomy":"category","embeddable":true,"href":"https:\/\/www.chris-kurbjuhn.de\/wp-json\/wp\/v2\/categories?post=111"},{"taxonomy":"post_tag","embeddable":true,"href":"https:\/\/www.chris-kurbjuhn.de\/wp-json\/wp\/v2\/tags?post=111"}],"curies":[{"name":"wp","href":"https:\/\/api.w.org\/{rel}","templated":true}]}}