{"id":11939,"date":"2025-08-31T08:52:51","date_gmt":"2025-08-31T06:52:51","guid":{"rendered":"https:\/\/www.chris-kurbjuhn.de\/?p=11939"},"modified":"2025-08-31T08:51:33","modified_gmt":"2025-08-31T06:51:33","slug":"splitterbroetchen-mxlvii","status":"publish","type":"post","link":"https:\/\/www.chris-kurbjuhn.de\/splitterbroetchen-mxlvii\/","title":{"rendered":"Splitterbr\u00f6tchen (MXLVII)"},"content":{"rendered":"<p>Es ist immer wieder die reine Freude, Krankenhausober\u00e4rzte beim Fall aus allen Wolken zu beobachten, wenn sie erfahren, dass es unm\u00f6glich ist, bei niedergelassenen \u00c4rzten einen Termin binnen einer Woche zu bekommen.<\/p>\n<p>Lieber Herr Merz, eigentlich ist es doch ganz einfach: Wenn die Wirtschaft stagniert oder schrumpft, dann werden mehr Menschen arbeitslos und die Sozialausgaben steigen. Das ist so vorgesehen, Sozialausgaben sollen die Menschen sch\u00fctzen, so funktioniert das System. Wenn Sie jetzt so tun, als w\u00e4ren steigende Sozialausgaben irgendwie Ursachen einer Krise, die man durch K\u00fcrzungen von Sozialausgaben beseitigen k\u00f6nnte, dann ist das intellektuell und \u00f6konomisch maximal unredlich.<\/p>\n<p>Die Wortsch\u00f6pfung der Woche ist &#8211; nat\u00fcrlich &#8211; &#8222;Labubu-Betrug&#8220;.<\/p>\n<p>Politiker, die glauben, nicht nur \u00fcber die Lebenszeit junger Menschen bestimmen, sondern sie auch gegen ihren Willen zum T\u00f6ten und Sterben in einem Krieg zwingen zu k\u00f6nnen, haben mich vor ca. 50 Jahren schon einmal gegen diesen Staat aufgebracht. Sie tun es gerade wieder.<\/p>\n<p>Fopp-Versuch meines Fu\u00dfballvereins! Per Mail lud man mich zum &#8222;exklusiven Pr\u00e4sidiumsaustausch&#8220; ein. Ich hab aber gleich gemerkt, ich sollte die Charaktermasken gar nicht austauschen, sondern mich lediglich von Ihnen zutexten lassen. Nein, Herrschaften, ich bleib zu Hause. So leicht l\u00e4sst sich ein Tr\u00e4ger eurer Silbernen Ehrennadel nicht \u00fcber den Tisch ziehen!<\/p>\n<p>Schon mein Vater (Jahrgang 1907) hat f\u00fcr eine andere Nationalhymne pl\u00e4diert. Er war allerdings f\u00fcr &#8222;So ein Tag, so wundersch\u00f6n wie heute &#8230;&#8220;.<\/p>\n<p>Beim Lesen von <a href=\"https:\/\/buggisch.wordpress.com\/2025\/08\/24\/zeichen-der-zeit\/\" target=\"_blank\" rel=\"noopener\">Christian Buggischs Post zum Thema &#8222;R\u00fccksichtnahme&#8220;<\/a> fiel mir auf, dass ich mir unbewusst angew\u00f6hnt habe, routinem\u00e4\u00dfig nach links und rechts zu gucken, bevor ich <em>den B\u00fcrgersteig<\/em> betrete, wenn ich aus einem Hauseingang komme oder gerade die Stra\u00dfe \u00fcberquert habe. Man will ja nicht von auf Fahrr\u00e4dern vorbei sausenden Kindern (mit den Erziehungsberechtigten im Schlepptau) oder kampfradelnden Rentnerinnen (\u201eAuf der Stra\u00dfe fahren ist doch viel zu gef\u00e4hrlich!\u201c) niedergem\u00e4ht werden.<\/p>\n<p>Endlich mal wieder ein kulinarischer Wochenh\u00f6hepunkt: Delikatee Arancini mit Pesto im <a href=\"https:\/\/malafemmena.restaurant\/\" target=\"_blank\" rel=\"noopener\">Malafemmena<\/a> an der Hauptstra\u00dfe.<\/p>\n<p><img loading=\"lazy\" decoding=\"async\" class=\"aligncenter size-full wp-image-11951\" src=\"https:\/\/www.chris-kurbjuhn.de\/wp-content\/IMG_20250830_184334.jpg\" alt=\"\" width=\"800\" height=\"645\" srcset=\"https:\/\/www.chris-kurbjuhn.de\/wp-content\/IMG_20250830_184334.jpg 800w, https:\/\/www.chris-kurbjuhn.de\/wp-content\/IMG_20250830_184334-300x242.jpg 300w, https:\/\/www.chris-kurbjuhn.de\/wp-content\/IMG_20250830_184334-768x619.jpg 768w, https:\/\/www.chris-kurbjuhn.de\/wp-content\/IMG_20250830_184334-372x300.jpg 372w\" sizes=\"auto, (max-width: 800px) 100vw, 800px\" \/>Sie sind Spitzenpolitiker, haben die Schnauze vom Politikbetrieb gestrichen voll und wollen alle Br\u00fccken hinter sich abbrechen, um nur ja nicht r\u00fcckf\u00e4llig zu werden? Gerieren Sie sich einfach als beleidigte Leberwurst, dann haben Sie sich bei Freund und Feind derma\u00dfen unm\u00f6glich gemacht, dass selbst Einladungen zu Phoenix-Talkshows extrem unwahrscheinlich werden.<\/p>\n<p>Brandenburg gibt sich gern auch mal verlockend &#8230;<\/p>\n<p><img loading=\"lazy\" decoding=\"async\" class=\"aligncenter size-full wp-image-11947\" src=\"https:\/\/www.chris-kurbjuhn.de\/wp-content\/IMG_20250828_151100_BURST1.jpg\" alt=\"\" width=\"800\" height=\"698\" srcset=\"https:\/\/www.chris-kurbjuhn.de\/wp-content\/IMG_20250828_151100_BURST1.jpg 800w, https:\/\/www.chris-kurbjuhn.de\/wp-content\/IMG_20250828_151100_BURST1-300x262.jpg 300w, https:\/\/www.chris-kurbjuhn.de\/wp-content\/IMG_20250828_151100_BURST1-768x670.jpg 768w, https:\/\/www.chris-kurbjuhn.de\/wp-content\/IMG_20250828_151100_BURST1-344x300.jpg 344w\" sizes=\"auto, (max-width: 800px) 100vw, 800px\" \/>Fr\u00fcher war der FC Bayern M\u00fcnchen finanzkr\u00e4ftig genug, um selbst Eink\u00e4ufe zu t\u00e4tigen,\u00a0 die die Konkurrenz schw\u00e4chen. Jetzt m\u00fcssen das irgendwelche Hinterb\u00e4nkler aus der Premier League f\u00fcr ihn erledigen.<\/p>\n<p>Und jetzt versuchen wir mal, uns zu vergegenw\u00e4rtigen, welche Politiker von CDU und SPD sich in den letzten Tagen dazu bequemt haben, der jungen Generation das Wehrpflichtgesetz zu erl\u00e4utern bzw. die Vorteile herauszustellen, die die junge Generation von diesem Gesetz hat. Wie? Sieht mau aus, sowohl bei Politikern wie bei den Vorteilen? Aber daf\u00fcr d\u00fcrfen die jungen Menschen sich ja an maroden Schulen, Lehrermangel, einem <a href=\"https:\/\/www.perlentaucher.de\/9punkt\/2025-08-27.html?highlight=Kulturpass#a101615\" target=\"_blank\" rel=\"noopener\">abgeschafften Kulturpass<\/a> und \u00e4hnlichen Fettigkeiten erfreuen. Wundert sich noch irgendwer \u00fcber Politikverdrossenheit unter jungen Menschen bzw. ihr Abwandern zu Parteien wie der Linken oder der AfD?<\/p>\n<p>Wer keine R\u00fccksicht nimmt, fordert welche ein.<\/p>\n<p>&nbsp;<\/p>\n<p>&nbsp;<\/p>\n<p>&nbsp;<\/p>\n","protected":false},"excerpt":{"rendered":"<p>Es ist immer wieder die reine Freude, Krankenhausober\u00e4rzte beim Fall aus allen Wolken zu beobachten, wenn sie erfahren, dass es unm\u00f6glich ist, bei niedergelassenen \u00c4rzten einen Termin binnen einer Woche zu bekommen. Lieber Herr Merz, eigentlich ist es doch ganz &hellip; <a href=\"https:\/\/www.chris-kurbjuhn.de\/splitterbroetchen-mxlvii\/\">Weiterlesen <span class=\"meta-nav\">&rarr;<\/span><\/a><\/p>\n","protected":false},"author":2,"featured_media":0,"comment_status":"open","ping_status":"open","sticky":false,"template":"","format":"standard","meta":{"_crdt_document":"","_jetpack_memberships_contains_paid_content":false,"footnotes":""},"categories":[7],"tags":[42,43,29],"class_list":["post-11939","post","type-post","status-publish","format-standard","hentry","category-dies-und-das","tag-pseudoweisheiten","tag-tiefsinn","tag-wichtigtuerei"],"jetpack_featured_media_url":"","jetpack_sharing_enabled":true,"_links":{"self":[{"href":"https:\/\/www.chris-kurbjuhn.de\/wp-json\/wp\/v2\/posts\/11939","targetHints":{"allow":["GET"]}}],"collection":[{"href":"https:\/\/www.chris-kurbjuhn.de\/wp-json\/wp\/v2\/posts"}],"about":[{"href":"https:\/\/www.chris-kurbjuhn.de\/wp-json\/wp\/v2\/types\/post"}],"author":[{"embeddable":true,"href":"https:\/\/www.chris-kurbjuhn.de\/wp-json\/wp\/v2\/users\/2"}],"replies":[{"embeddable":true,"href":"https:\/\/www.chris-kurbjuhn.de\/wp-json\/wp\/v2\/comments?post=11939"}],"version-history":[{"count":0,"href":"https:\/\/www.chris-kurbjuhn.de\/wp-json\/wp\/v2\/posts\/11939\/revisions"}],"wp:attachment":[{"href":"https:\/\/www.chris-kurbjuhn.de\/wp-json\/wp\/v2\/media?parent=11939"}],"wp:term":[{"taxonomy":"category","embeddable":true,"href":"https:\/\/www.chris-kurbjuhn.de\/wp-json\/wp\/v2\/categories?post=11939"},{"taxonomy":"post_tag","embeddable":true,"href":"https:\/\/www.chris-kurbjuhn.de\/wp-json\/wp\/v2\/tags?post=11939"}],"curies":[{"name":"wp","href":"https:\/\/api.w.org\/{rel}","templated":true}]}}