{"id":1719,"date":"2012-05-19T10:37:57","date_gmt":"2012-05-19T08:37:57","guid":{"rendered":"http:\/\/www.chris-kurbjuhn.de\/?p=1719"},"modified":"2012-05-19T10:37:57","modified_gmt":"2012-05-19T08:37:57","slug":"seit-zwei-jahren-zum-siegen-verdammt","status":"publish","type":"post","link":"https:\/\/www.chris-kurbjuhn.de\/seit-zwei-jahren-zum-siegen-verdammt\/","title":{"rendered":"Seit zwei Jahren zum Siegen verdammt"},"content":{"rendered":"<p>Vor nunmehr zwei Jahren \u00a0habe ich mich mit <a href=\"https:\/\/www.chris-kurbjuhn.de\/?p=1039\" target=\"_blank\">einem verzweifelten Hilfeschrei<\/a> meine Kaffeebechersituation betreffend an die Vereinsf\u00fchrung des FC Bayern M\u00fcnchen gewendet.<\/p>\n<p><a href=\"https:\/\/www.chris-kurbjuhn.de\/wp-content\/CLBecher20001.jpg\"><img loading=\"lazy\" decoding=\"async\" class=\"aligncenter size-medium wp-image-1722\" title=\"Kaffeebecher\" src=\"https:\/\/www.chris-kurbjuhn.de\/wp-content\/CLBecher20001-300x256.jpg\" alt=\"\" width=\"300\" height=\"256\" srcset=\"https:\/\/www.chris-kurbjuhn.de\/wp-content\/CLBecher20001-300x256.jpg 300w, https:\/\/www.chris-kurbjuhn.de\/wp-content\/CLBecher20001-1024x874.jpg 1024w\" sizes=\"auto, (max-width: 300px) 100vw, 300px\" \/><\/a><\/p>\n<p>Die Lage hat sich seitdem nicht ge\u00e4ndert. Ich brauch immer noch einen neuen. Hier herrscht Handlungsbedarf, Herr Heynckes!<\/p>\n","protected":false},"excerpt":{"rendered":"<p>Vor nunmehr zwei Jahren \u00a0habe ich mich mit einem verzweifelten Hilfeschrei meine Kaffeebechersituation betreffend an die Vereinsf\u00fchrung des FC Bayern M\u00fcnchen gewendet. Die Lage hat sich seitdem nicht ge\u00e4ndert. Ich brauch immer noch einen neuen. Hier herrscht Handlungsbedarf, Herr Heynckes!<\/p>\n","protected":false},"author":2,"featured_media":0,"comment_status":"open","ping_status":"open","sticky":false,"template":"","format":"standard","meta":{"_crdt_document":"","_jetpack_memberships_contains_paid_content":false,"footnotes":""},"categories":[4],"tags":[503,232,607],"class_list":["post-1719","post","type-post","status-publish","format-standard","hentry","category-spocht","tag-champions-league","tag-fc-bayern","tag-finale"],"jetpack_featured_media_url":"","jetpack_sharing_enabled":true,"_links":{"self":[{"href":"https:\/\/www.chris-kurbjuhn.de\/wp-json\/wp\/v2\/posts\/1719","targetHints":{"allow":["GET"]}}],"collection":[{"href":"https:\/\/www.chris-kurbjuhn.de\/wp-json\/wp\/v2\/posts"}],"about":[{"href":"https:\/\/www.chris-kurbjuhn.de\/wp-json\/wp\/v2\/types\/post"}],"author":[{"embeddable":true,"href":"https:\/\/www.chris-kurbjuhn.de\/wp-json\/wp\/v2\/users\/2"}],"replies":[{"embeddable":true,"href":"https:\/\/www.chris-kurbjuhn.de\/wp-json\/wp\/v2\/comments?post=1719"}],"version-history":[{"count":0,"href":"https:\/\/www.chris-kurbjuhn.de\/wp-json\/wp\/v2\/posts\/1719\/revisions"}],"wp:attachment":[{"href":"https:\/\/www.chris-kurbjuhn.de\/wp-json\/wp\/v2\/media?parent=1719"}],"wp:term":[{"taxonomy":"category","embeddable":true,"href":"https:\/\/www.chris-kurbjuhn.de\/wp-json\/wp\/v2\/categories?post=1719"},{"taxonomy":"post_tag","embeddable":true,"href":"https:\/\/www.chris-kurbjuhn.de\/wp-json\/wp\/v2\/tags?post=1719"}],"curies":[{"name":"wp","href":"https:\/\/api.w.org\/{rel}","templated":true}]}}