{"id":3360,"date":"2015-07-05T13:32:37","date_gmt":"2015-07-05T11:32:37","guid":{"rendered":"http:\/\/www.chris-kurbjuhn.de\/?p=3360"},"modified":"2015-07-03T11:19:49","modified_gmt":"2015-07-03T09:19:49","slug":"splitterbroetchen-cdxxiii","status":"publish","type":"post","link":"https:\/\/www.chris-kurbjuhn.de\/splitterbroetchen-cdxxiii\/","title":{"rendered":"Splitterbr\u00f6tchen (CDXXIII)"},"content":{"rendered":"<p>Diese Splitterbr\u00f6tchen erscheinen automatisiert. Am Sonntag bin ich noch in der kalten nordhessischen Heimat. <a href=\"http:\/\/www.werratal-tourismus.de\/de\/events\/event-highlights\/termine\/johannisfest.php\" target=\"_blank\">Johannisfest<\/a>. Klassentreffen. 40j\u00e4hriges Abitur-Jubil\u00e4um. Dr\u00fcckt mir die Daumen, dass ich&#8217;s \u00fcberstehe.<\/p>\n<p>Thema Johannisfest: Ich habe als Kind und als Jugendlicher die Festumz\u00fcge, an denen ich teilnehmen und mich zum Affen machen musste, gehasst wie die Pest. Trotzdem k\u00e4me ich nie auf den Gedanken, die Abschaffung des Johannisfests zu fordern. Warum sollten nachfolgende Generationen weniger leiden als ich?<\/p>\n<p>Ich kann mich nicht an die Nonchalance gew\u00f6hnen, mit der die neoliberalen Arschl\u00f6cher das Elend in Kauf nehmen, das ihr Handeln ausl\u00f6st. Karrieren in den Bereichen Wirtschaft, Finanzen und Politik stehen wohl nur noch komplett empathiefreien Personen offen.<\/p>\n<p>Kulinarischer H\u00f6hepunkt der Woche wird die erste nordhessische Bratwurst sein, die ich Freitagnachmittag zusammen mit einem Eschweger Bier unmittelbar nach Ankunt inhalieren werden. Nat\u00fcrlich bei Wagner in der Luisenstr.<\/p>\n<p>&nbsp;<\/p>\n","protected":false},"excerpt":{"rendered":"<p>Diese Splitterbr\u00f6tchen erscheinen automatisiert. Am Sonntag bin ich noch in der kalten nordhessischen Heimat. Johannisfest. Klassentreffen. 40j\u00e4hriges Abitur-Jubil\u00e4um. Dr\u00fcckt mir die Daumen, dass ich&#8217;s \u00fcberstehe. Thema Johannisfest: Ich habe als Kind und als Jugendlicher die Festumz\u00fcge, an denen ich teilnehmen &hellip; <a href=\"https:\/\/www.chris-kurbjuhn.de\/splitterbroetchen-cdxxiii\/\">Weiterlesen <span class=\"meta-nav\">&rarr;<\/span><\/a><\/p>\n","protected":false},"author":2,"featured_media":0,"comment_status":"open","ping_status":"open","sticky":false,"template":"","format":"standard","meta":{"_crdt_document":"","_jetpack_memberships_contains_paid_content":false,"footnotes":""},"categories":[7],"tags":[42,43,29],"class_list":["post-3360","post","type-post","status-publish","format-standard","hentry","category-dies-und-das","tag-pseudoweisheiten","tag-tiefsinn","tag-wichtigtuerei"],"jetpack_featured_media_url":"","jetpack_sharing_enabled":true,"_links":{"self":[{"href":"https:\/\/www.chris-kurbjuhn.de\/wp-json\/wp\/v2\/posts\/3360","targetHints":{"allow":["GET"]}}],"collection":[{"href":"https:\/\/www.chris-kurbjuhn.de\/wp-json\/wp\/v2\/posts"}],"about":[{"href":"https:\/\/www.chris-kurbjuhn.de\/wp-json\/wp\/v2\/types\/post"}],"author":[{"embeddable":true,"href":"https:\/\/www.chris-kurbjuhn.de\/wp-json\/wp\/v2\/users\/2"}],"replies":[{"embeddable":true,"href":"https:\/\/www.chris-kurbjuhn.de\/wp-json\/wp\/v2\/comments?post=3360"}],"version-history":[{"count":0,"href":"https:\/\/www.chris-kurbjuhn.de\/wp-json\/wp\/v2\/posts\/3360\/revisions"}],"wp:attachment":[{"href":"https:\/\/www.chris-kurbjuhn.de\/wp-json\/wp\/v2\/media?parent=3360"}],"wp:term":[{"taxonomy":"category","embeddable":true,"href":"https:\/\/www.chris-kurbjuhn.de\/wp-json\/wp\/v2\/categories?post=3360"},{"taxonomy":"post_tag","embeddable":true,"href":"https:\/\/www.chris-kurbjuhn.de\/wp-json\/wp\/v2\/tags?post=3360"}],"curies":[{"name":"wp","href":"https:\/\/api.w.org\/{rel}","templated":true}]}}