{"id":3386,"date":"2015-07-07T10:00:54","date_gmt":"2015-07-07T08:00:54","guid":{"rendered":"http:\/\/www.chris-kurbjuhn.de\/?p=3386"},"modified":"2015-07-06T14:17:14","modified_gmt":"2015-07-06T12:17:14","slug":"eschwege-im-johannisfest-sommer-2015","status":"publish","type":"post","link":"https:\/\/www.chris-kurbjuhn.de\/eschwege-im-johannisfest-sommer-2015\/","title":{"rendered":"Eschwege im Johannisfest-Sommer 2015"},"content":{"rendered":"<p><a href=\"https:\/\/www.chris-kurbjuhn.de\/wp-content\/Willkommen-e1436182793238.jpg\"><img loading=\"lazy\" decoding=\"async\" class=\"aligncenter size-full wp-image-3381\" src=\"https:\/\/www.chris-kurbjuhn.de\/wp-content\/Willkommen-e1436182793238.jpg\" alt=\"Willkommen\" width=\"640\" height=\"427\" \/><\/a><\/p>\n<p><a href=\"https:\/\/www.chris-kurbjuhn.de\/wp-content\/Bratwurst-e1436182867706.jpg\"><img loading=\"lazy\" decoding=\"async\" class=\"aligncenter size-full wp-image-3374\" src=\"https:\/\/www.chris-kurbjuhn.de\/wp-content\/Bratwurst-e1436182867706.jpg\" alt=\"Bratwurst\" width=\"640\" height=\"457\" \/><\/a><\/p>\n<p>Nordhessische Ressourcen. Dies ist die letzte Bratwurst von Wagner in der Luisenstra\u00dfe, die ich genie\u00dfen d\u00fcrfte. Der Ruhestand sei ihnen geg\u00f6nnt. Trotzdem f\u00fchle ich im Stich gelassen.<\/p>\n<p><a href=\"https:\/\/www.chris-kurbjuhn.de\/wp-content\/Seebaer-e1436182991762.jpg\"><img loading=\"lazy\" decoding=\"async\" class=\"aligncenter size-full wp-image-3380\" src=\"https:\/\/www.chris-kurbjuhn.de\/wp-content\/Seebaer-e1436182991762.jpg\" alt=\"Seebaer\" width=\"639\" height=\"426\" \/><\/a><\/p>\n<p><a href=\"https:\/\/www.chris-kurbjuhn.de\/wp-content\/Neustadt-e1436183058546.jpg\"><img loading=\"lazy\" decoding=\"async\" class=\"aligncenter size-full wp-image-3375\" src=\"https:\/\/www.chris-kurbjuhn.de\/wp-content\/Neustadt-e1436183058546.jpg\" alt=\"Neustadt\" width=\"640\" height=\"427\" \/><\/a><\/p>\n<p>Die Neustadt im Johannisfest-Fieber.<\/p>\n<p><a href=\"https:\/\/www.chris-kurbjuhn.de\/wp-content\/Schulfahne-e1436183228718.jpg\"><img loading=\"lazy\" decoding=\"async\" class=\"size-full wp-image-3379\" src=\"https:\/\/www.chris-kurbjuhn.de\/wp-content\/Schulfahne-e1436183228718.jpg\" alt=\"SAMSUNG CAMERA PICTURES\" width=\"640\" height=\"426\" \/><\/a><\/p>\n<p>Die Schulfahne der Friedrich-Wilhelm-Schule beim Maien-Zug. Auch ich hatte mal das h\u00f6chst zweifelhafte Vergn\u00fcgen, sie zu tragen. Nicht zu zweit, wie das heutzutage gemacht wird. Allein. An einer langen, schweren Fahnenstange. Von Eschwege nach Grebendorf und zur\u00fcck. Eine der sinnlosesten Aktionen, an denen ich je teilgenommen haben.<\/p>\n<p><a href=\"https:\/\/www.chris-kurbjuhn.de\/wp-content\/Riesenrad-e1436183195801.jpg\"><img loading=\"lazy\" decoding=\"async\" class=\"aligncenter size-full wp-image-3378\" src=\"https:\/\/www.chris-kurbjuhn.de\/wp-content\/Riesenrad-e1436183195801.jpg\" alt=\"Riesenrad\" width=\"640\" height=\"426\" \/><\/a><\/p>\n<p>Der Dreiklang des Werdchens, der Festwiese: Kettenkarussell, Riesenrad und der Leuchtberg dahinter. Seit Jahrzehnten das gleiche Arrangement.<\/p>\n<p><a href=\"https:\/\/www.chris-kurbjuhn.de\/wp-content\/Haus-e1436183571420.jpg\"><img loading=\"lazy\" decoding=\"async\" class=\"aligncenter size-full wp-image-3385\" src=\"https:\/\/www.chris-kurbjuhn.de\/wp-content\/Haus-e1436183571420.jpg\" alt=\"Haus\" width=\"426\" height=\"640\" \/><\/a>Eschwege war einmal ein Anziehungspunkt f\u00fcr Architekten mit Sinn f\u00fcr das Sch\u00f6ne.<\/p>\n<p><a href=\"https:\/\/www.chris-kurbjuhn.de\/wp-content\/Friseur-e1436183474828.jpg\"><img loading=\"lazy\" decoding=\"async\" class=\"aligncenter size-full wp-image-3384\" src=\"https:\/\/www.chris-kurbjuhn.de\/wp-content\/Friseur-e1436183474828.jpg\" alt=\"Friseur\" width=\"640\" height=\"426\" \/><\/a><\/p>\n<p>Heute scheint die Stadt in der Hand kalauernder Friseure zu sein.<\/p>\n<p><a href=\"https:\/\/www.chris-kurbjuhn.de\/wp-content\/Reiter-e1436183648616.jpg\"><img loading=\"lazy\" decoding=\"async\" class=\"aligncenter size-full wp-image-3377\" src=\"https:\/\/www.chris-kurbjuhn.de\/wp-content\/Reiter-e1436183648616.jpg\" alt=\"Reiter\" width=\"640\" height=\"461\" \/><\/a><\/p>\n<p>Die Johannisfest-Reiter erfrischen sich vor dem Traditionslokal &#8222;Zur Struth&#8220;. Wie die Tradition es erfordert, wird die Erfrischung aus kleinen Gl\u00e4sern und mehrfach zu sich genommen.<\/p>\n<p><a href=\"https:\/\/www.chris-kurbjuhn.de\/wp-content\/AKEBulli-e1436183784427.jpg\"><img loading=\"lazy\" decoding=\"async\" class=\"aligncenter size-full wp-image-3382\" src=\"https:\/\/www.chris-kurbjuhn.de\/wp-content\/AKEBulli-e1436183784427.jpg\" alt=\"AKEBulli\" width=\"640\" height=\"427\" \/><\/a><\/p>\n<p><a href=\"https:\/\/www.chris-kurbjuhn.de\/wp-content\/Bier-e1436183850474.jpg\"><img loading=\"lazy\" decoding=\"async\" class=\"aligncenter size-full wp-image-3383\" src=\"https:\/\/www.chris-kurbjuhn.de\/wp-content\/Bier-e1436183850474.jpg\" alt=\"Bier\" width=\"640\" height=\"427\" \/><\/a><\/p>\n<p>So ist das hier. Getrunken wird immer. Prost.<\/p>\n","protected":false},"excerpt":{"rendered":"<p>Nordhessische Ressourcen. Dies ist die letzte Bratwurst von Wagner in der Luisenstra\u00dfe, die ich genie\u00dfen d\u00fcrfte. Der Ruhestand sei ihnen geg\u00f6nnt. Trotzdem f\u00fchle ich im Stich gelassen. Die Neustadt im Johannisfest-Fieber. Die Schulfahne der Friedrich-Wilhelm-Schule beim Maien-Zug. Auch ich hatte &hellip; <a href=\"https:\/\/www.chris-kurbjuhn.de\/eschwege-im-johannisfest-sommer-2015\/\">Weiterlesen <span class=\"meta-nav\">&rarr;<\/span><\/a><\/p>\n","protected":false},"author":2,"featured_media":0,"comment_status":"open","ping_status":"open","sticky":false,"template":"","format":"standard","meta":{"_crdt_document":"","_jetpack_memberships_contains_paid_content":false,"footnotes":""},"categories":[627],"tags":[722,618],"class_list":["post-3386","post","type-post","status-publish","format-standard","hentry","category-auf-die-sechzich-zu","tag-eschwege","tag-nordhessen"],"jetpack_featured_media_url":"","jetpack_sharing_enabled":true,"_links":{"self":[{"href":"https:\/\/www.chris-kurbjuhn.de\/wp-json\/wp\/v2\/posts\/3386","targetHints":{"allow":["GET"]}}],"collection":[{"href":"https:\/\/www.chris-kurbjuhn.de\/wp-json\/wp\/v2\/posts"}],"about":[{"href":"https:\/\/www.chris-kurbjuhn.de\/wp-json\/wp\/v2\/types\/post"}],"author":[{"embeddable":true,"href":"https:\/\/www.chris-kurbjuhn.de\/wp-json\/wp\/v2\/users\/2"}],"replies":[{"embeddable":true,"href":"https:\/\/www.chris-kurbjuhn.de\/wp-json\/wp\/v2\/comments?post=3386"}],"version-history":[{"count":0,"href":"https:\/\/www.chris-kurbjuhn.de\/wp-json\/wp\/v2\/posts\/3386\/revisions"}],"wp:attachment":[{"href":"https:\/\/www.chris-kurbjuhn.de\/wp-json\/wp\/v2\/media?parent=3386"}],"wp:term":[{"taxonomy":"category","embeddable":true,"href":"https:\/\/www.chris-kurbjuhn.de\/wp-json\/wp\/v2\/categories?post=3386"},{"taxonomy":"post_tag","embeddable":true,"href":"https:\/\/www.chris-kurbjuhn.de\/wp-json\/wp\/v2\/tags?post=3386"}],"curies":[{"name":"wp","href":"https:\/\/api.w.org\/{rel}","templated":true}]}}