{"id":377,"date":"2007-04-28T11:35:07","date_gmt":"2007-04-28T09:35:07","guid":{"rendered":"http:\/\/www.chris-kurbjuhn.de\/?p=377"},"modified":"2007-05-14T11:51:28","modified_gmt":"2007-05-14T09:51:28","slug":"der-andere-effjott","status":"publish","type":"post","link":"https:\/\/www.chris-kurbjuhn.de\/der-andere-effjott\/","title":{"rendered":"Der andere Effjott"},"content":{"rendered":"<p>Im heutigen <a class=previewlink href=\"http:\/\/archiv.tagesspiegel.de\/archiv\/28.04.2007\/3232977.asp\">Tagesspiegel<\/a> steht, dass Effjott Kr\u00fcger gestorben ist, der Gitarrist von <a class=previewlink href=\"http:\/\/de.wikipedia.org\/wiki\/Ideal_%28Band%29\">Ideal<\/a>. Schade. Ein absolut aufsehenerregender Mann mit ausgepr\u00e4gtem Stilempfinden. Unvergessen, wenn er im knallroten 190er Cabrio die Potsdamer Stra\u00dfe herunterfuhr, neben sich eine entsprechend gestylte Dame im Petticoat. Da blieben die braven Berliner mit h\u00e4ngenden Unterkiefern stehen und staunten. &#8222;Wat? Det issen Musiker? Na, typisch!&#8220; Nu ja, typisch nun gerade nicht. Hat aber sehr sch\u00f6n st\u00e4hlern gescheppert, die Gitarre des anderen Effjott. Schade, dass man &#8222;nach Ideal&#8220; so wenig von ihm geh\u00f6rt hat. Schade, dass man nun endg\u00fcltig nichts neues mehr von ihm h\u00f6ren wird.\n<\/p><\/p>\n","protected":false},"excerpt":{"rendered":"<p>Im heutigen Tagesspiegel steht, dass Effjott Kr\u00fcger gestorben ist, der Gitarrist von Ideal. Schade. Ein absolut aufsehenerregender Mann mit ausgepr\u00e4gtem Stilempfinden. Unvergessen, wenn er im knallroten 190er Cabrio die Potsdamer Stra\u00dfe herunterfuhr, neben sich eine entsprechend gestylte Dame im Petticoat. &hellip; <a href=\"https:\/\/www.chris-kurbjuhn.de\/der-andere-effjott\/\">Weiterlesen <span class=\"meta-nav\">&rarr;<\/span><\/a><\/p>\n","protected":false},"author":2,"featured_media":0,"comment_status":"open","ping_status":"open","sticky":false,"template":"","format":"standard","meta":{"_crdt_document":"","_jetpack_memberships_contains_paid_content":false,"footnotes":""},"categories":[10],"tags":[],"class_list":["post-377","post","type-post","status-publish","format-standard","hentry","category-um-die-fuffzich"],"jetpack_featured_media_url":"","jetpack_sharing_enabled":true,"_links":{"self":[{"href":"https:\/\/www.chris-kurbjuhn.de\/wp-json\/wp\/v2\/posts\/377","targetHints":{"allow":["GET"]}}],"collection":[{"href":"https:\/\/www.chris-kurbjuhn.de\/wp-json\/wp\/v2\/posts"}],"about":[{"href":"https:\/\/www.chris-kurbjuhn.de\/wp-json\/wp\/v2\/types\/post"}],"author":[{"embeddable":true,"href":"https:\/\/www.chris-kurbjuhn.de\/wp-json\/wp\/v2\/users\/2"}],"replies":[{"embeddable":true,"href":"https:\/\/www.chris-kurbjuhn.de\/wp-json\/wp\/v2\/comments?post=377"}],"version-history":[{"count":0,"href":"https:\/\/www.chris-kurbjuhn.de\/wp-json\/wp\/v2\/posts\/377\/revisions"}],"wp:attachment":[{"href":"https:\/\/www.chris-kurbjuhn.de\/wp-json\/wp\/v2\/media?parent=377"}],"wp:term":[{"taxonomy":"category","embeddable":true,"href":"https:\/\/www.chris-kurbjuhn.de\/wp-json\/wp\/v2\/categories?post=377"},{"taxonomy":"post_tag","embeddable":true,"href":"https:\/\/www.chris-kurbjuhn.de\/wp-json\/wp\/v2\/tags?post=377"}],"curies":[{"name":"wp","href":"https:\/\/api.w.org\/{rel}","templated":true}]}}