{"id":6421,"date":"2018-05-29T11:53:39","date_gmt":"2018-05-29T09:53:39","guid":{"rendered":"http:\/\/www.chris-kurbjuhn.de\/?p=6421"},"modified":"2018-05-29T11:53:39","modified_gmt":"2018-05-29T09:53:39","slug":"die-offizielle-zahl","status":"publish","type":"post","link":"https:\/\/www.chris-kurbjuhn.de\/die-offizielle-zahl\/","title":{"rendered":"Die offizielle Zahl"},"content":{"rendered":"<p>Nicht erst seit dem letzten Wochenende, als die AfD und ihre Gegner in Berlin demonstrieren, spekuliert man gern \u00fcber die tats\u00e4chliche Teilnehmerzahl bei Demonstrationen, auch bei der Tagesschau wurde das<a href=\"http:\/\/faktenfinder.tagesschau.de\/schaetzung-teilnehmerzahlen-101.html\" target=\"_blank\" rel=\"noopener\"> heute thematisiert<\/a>.<\/p>\n<p>Ich kann dazu eine kleine Geschichte beitragen. Vor ungef\u00e4hr 45 Jahren (ja, ist lange her) arbeitete ich in einer Initiative mit, die f\u00fcr ein Jugendzentrum in meiner Heimatstadt k\u00e4mpfte. Es war uns gelungen, eine \u00f6ffentliche Demonstration durch die Eschweger Innenstadt zu organisieren<sup class='footnote'><a href='#fn-6421-1' id='fnref-6421-1' onclick='return fdfootnote_show(6421)'>1<\/a><\/sup>, und wenige Tage vor der Demo warnte mich ein ehemaliger Mitsch\u00fcler, der ein paar Jahre zuvor eine Demonstration gegen die <a href=\"https:\/\/de.wikipedia.org\/wiki\/Deutsche_Notstandsgesetze\" target=\"_blank\" rel=\"noopener\">Notstandsgesetze<\/a> organisiert hatte: &#8222;Pass auf, was die in der Zeitung \u00fcber die Teilnehmerzahl schreiben, bei uns haben die damals nur die H\u00e4lfte angegeben.&#8220;<\/p>\n<p>Ich beherzigte den Ratschlag, stellte mich bei der Abschlusskundgebung neben den Redakteur der Werra-Rundschau und z\u00e4hlte mit ihm die Anwesenden durch. Wir waren uns einig, das bei der Schlusskundgebung \u00fcber 800 Leute anwesend waren und ca. 650 Menschen demonstriert hatten.<\/p>\n<p>Zwei Tage sp\u00e4ter las ich dann in der Zeitung, dass &#8222;ungef\u00e4hr 350 Jugendliche&#8220; demonstriert hatten. Ich staunte nicht schlecht, und rief den Redakteur an, mit dem ich die Demonstrierenden ja GEZ\u00c4HLT hatte. Der meinte unger\u00fchrt, dass die Zahl &#8222;350&#8220; von der Polizei gekommen sei, und wenn&#8217;s von der Polizei kommt, dann sei das eben die &#8222;offizielle&#8220; Zahl.<\/p>\n<div class='footnotes' id='footnotes-6421'>\n<div class='footnotedivider'><\/div>\n<ol>\n<li id='fn-6421-1'> War gar nicht so einfach, damals. Demos galten damals automatisch als von der &#8222;sogenannten DDR&#8220; ferngesteuerter Umsturzversuch. <span class='footnotereverse'><a href='#fnref-6421-1'>&#8617;<\/a><\/span><\/li>\n<\/ol>\n<\/div>\n","protected":false},"excerpt":{"rendered":"<p>Nicht erst seit dem letzten Wochenende, als die AfD und ihre Gegner in Berlin demonstrieren, spekuliert man gern \u00fcber die tats\u00e4chliche Teilnehmerzahl bei Demonstrationen, auch bei der Tagesschau wurde das heute thematisiert. Ich kann dazu eine kleine Geschichte beitragen. Vor &hellip; <a href=\"https:\/\/www.chris-kurbjuhn.de\/die-offizielle-zahl\/\">Weiterlesen <span class=\"meta-nav\">&rarr;<\/span><\/a><\/p>\n","protected":false},"author":2,"featured_media":0,"comment_status":"open","ping_status":"open","sticky":false,"template":"","format":"standard","meta":{"_crdt_document":"","_jetpack_memberships_contains_paid_content":false,"footnotes":""},"categories":[789,627],"tags":[628],"class_list":["post-6421","post","type-post","status-publish","format-standard","hentry","category-chris-erzaehlt-von-frueher","category-auf-die-sechzich-zu","tag-erinnerungen"],"jetpack_featured_media_url":"","jetpack_sharing_enabled":true,"_links":{"self":[{"href":"https:\/\/www.chris-kurbjuhn.de\/wp-json\/wp\/v2\/posts\/6421","targetHints":{"allow":["GET"]}}],"collection":[{"href":"https:\/\/www.chris-kurbjuhn.de\/wp-json\/wp\/v2\/posts"}],"about":[{"href":"https:\/\/www.chris-kurbjuhn.de\/wp-json\/wp\/v2\/types\/post"}],"author":[{"embeddable":true,"href":"https:\/\/www.chris-kurbjuhn.de\/wp-json\/wp\/v2\/users\/2"}],"replies":[{"embeddable":true,"href":"https:\/\/www.chris-kurbjuhn.de\/wp-json\/wp\/v2\/comments?post=6421"}],"version-history":[{"count":0,"href":"https:\/\/www.chris-kurbjuhn.de\/wp-json\/wp\/v2\/posts\/6421\/revisions"}],"wp:attachment":[{"href":"https:\/\/www.chris-kurbjuhn.de\/wp-json\/wp\/v2\/media?parent=6421"}],"wp:term":[{"taxonomy":"category","embeddable":true,"href":"https:\/\/www.chris-kurbjuhn.de\/wp-json\/wp\/v2\/categories?post=6421"},{"taxonomy":"post_tag","embeddable":true,"href":"https:\/\/www.chris-kurbjuhn.de\/wp-json\/wp\/v2\/tags?post=6421"}],"curies":[{"name":"wp","href":"https:\/\/api.w.org\/{rel}","templated":true}]}}